{"id":365,"date":"2016-03-22T10:17:09","date_gmt":"2016-03-22T09:17:09","guid":{"rendered":"http:\/\/beta.sbsmanager.net\/?p=365\/"},"modified":"2017-08-14T16:10:00","modified_gmt":"2017-08-14T14:10:00","slug":"digitaliseringen-fortsatter-hos-skl","status":"publish","type":"post","link":"https:\/\/www.sbsmanager.net\/sv\/sbs-manager\/blog\/digitaliseringen-fortsatter-hos-skl\/","title":{"rendered":"Digitaliseringen forts\u00e4tter hos SKL"},"content":{"rendered":"<p>F\u00f6r fj\u00e4rde \u00e5ret i rad har vi gl\u00e4djen att f\u00e5 leverera SBS Manager\u2122 till SKL. Det \u00e4r Sveriges Kommuner och Landsting som tillsammans med Socialdepartementet driver satsningen om st\u00f6d till riktade insatser f\u00f6r att f\u00f6rb\u00e4ttra v\u00e5rden och omsorgen f\u00f6r barn och unga med psykisk oh\u00e4lsa och personer med omfattande eller komplicerad psykiatrisk problematik.<\/p>\n<p>Med SBS Manager\u2122 samlas enk\u00e4ter fr\u00e5n alla Sveriges Kommuner och Landsting in digitalt. Sammanst\u00e4llningen och bearbetningen av resultatet kan naturligtvis ocks\u00e5 sk\u00f6tas i systemet \u2013 enkelt, effektivt och s\u00e4kert.<\/p>\n<p>Vi tackar SKL f\u00f6r det fortsatta f\u00f6rtroendet!<\/p>\n","protected":false},"excerpt":{"rendered":"<p>F\u00f6r fj\u00e4rde \u00e5ret i rad har vi gl\u00e4djen att f\u00e5 leverera SBS Manager\u2122 till SKL. Det \u00e4r Sveriges Kommuner och Landsting som tillsammans med Socialdepartementet driver satsningen om st\u00f6d till riktade insatser f\u00f6r att f\u00f6rb\u00e4ttra v\u00e5rden och omsorgen f\u00f6r barn och unga med psykisk oh\u00e4lsa och personer med omfattande eller komplicerad psykiatrisk problematik. Med SBS [&hellip;]<\/p>\n","protected":false},"author":2,"featured_media":155,"comment_status":"closed","ping_status":"closed","sticky":false,"template":"","format":"standard","meta":{"_acf_changed":false,"content-type":"","footnotes":""},"categories":[1],"tags":[10,11],"class_list":["post-365","post","type-post","status-publish","format-standard","has-post-thumbnail","hentry","category-blog","tag-digitalisering","tag-sbsmanager"],"acf":[],"yoast_head":"<!-- This site is optimized with the Yoast SEO Premium plugin v25.3.1 (Yoast SEO v27.5) - https:\/\/yoast.com\/product\/yoast-seo-premium-wordpress\/ -->\n<title>Digitaliseringen forts\u00e4tter hos SKL &#8212; SBS Manager\u00ae<\/title>\n<meta name=\"description\" content=\"SKL har valt att digitalisera flera verksamhetsomr\u00e5den med SBS Manager\u2122. N\u00e4sta projekt heter \u00d6K 16 och SBS Manager\u2122 forts\u00e4tter som plattform \u00e4ven d\u00e4r.\" \/>\n<meta name=\"robots\" content=\"index, follow, max-snippet:-1, max-image-preview:large, max-video-preview:-1\" \/>\n<link rel=\"canonical\" href=\"https:\/\/www.sbsmanager.net\/sv\/sbs-manager\/blog\/digitaliseringen-fortsatter-hos-skl\/\" \/>\n<meta property=\"og:locale\" content=\"sv_SE\" \/>\n<meta property=\"og:type\" content=\"article\" \/>\n<meta property=\"og:title\" content=\"Digitaliseringen forts\u00e4tter hos SKL\" \/>\n<meta property=\"og:description\" content=\"F\u00f6r fj\u00e4rde \u00e5ret i rad har vi gl\u00e4djen att f\u00e5 leverera SBS Manager\u2122 till SKL. Det \u00e4r Sveriges Kommuner och Landsting som tillsammans med Socialdepartementet\" \/>\n<meta property=\"og:url\" content=\"https:\/\/www.sbsmanager.net\/sv\/sbs-manager\/blog\/digitaliseringen-fortsatter-hos-skl\/\" \/>\n<meta property=\"og:site_name\" content=\"SBS Manager\u00ae\" \/>\n<meta property=\"article:published_time\" content=\"2016-03-22T09:17:09+00:00\" \/>\n<meta property=\"article:modified_time\" content=\"2017-08-14T14:10:00+00:00\" \/>\n<meta property=\"og:image\" content=\"https:\/\/www.sbsmanager.net\/wp-content\/uploads\/2016\/09\/skl.jpg\" \/>\n\t<meta property=\"og:image:width\" content=\"2000\" \/>\n\t<meta property=\"og:image:height\" content=\"588\" \/>\n\t<meta property=\"og:image:type\" content=\"image\/jpeg\" \/>\n<meta name=\"author\" content=\"Alexander T\u00f6rnqvist\" \/>\n<meta name=\"twitter:card\" content=\"summary_large_image\" \/>\n<meta name=\"twitter:label1\" content=\"Skriven av\" \/>\n\t<meta name=\"twitter:data1\" content=\"Alexander T\u00f6rnqvist\" \/>\n\t<meta name=\"twitter:label2\" content=\"Ber\u00e4knad l\u00e4stid\" \/>\n\t<meta name=\"twitter:data2\" content=\"1 minut\" \/>\n<script type=\"application\/ld+json\" class=\"yoast-schema-graph\">{\"@context\":\"https:\\\/\\\/schema.org\",\"@graph\":[{\"@type\":\"Article\",\"@id\":\"https:\\\/\\\/www.sbsmanager.net\\\/sv\\\/sbs-manager\\\/blog\\\/digitaliseringen-fortsatter-hos-skl\\\/#article\",\"isPartOf\":{\"@id\":\"https:\\\/\\\/www.sbsmanager.net\\\/sv\\\/sbs-manager\\\/blog\\\/digitaliseringen-fortsatter-hos-skl\\\/\"},\"author\":{\"name\":\"Alexander T\u00f6rnqvist\",\"@id\":\"https:\\\/\\\/www.sbsmanager.net\\\/sv\\\/#\\\/schema\\\/person\\\/fbf45ee7832c8481b11c317a5ca38b59\"},\"headline\":\"Digitaliseringen forts\u00e4tter hos SKL\",\"datePublished\":\"2016-03-22T09:17:09+00:00\",\"dateModified\":\"2017-08-14T14:10:00+00:00\",\"mainEntityOfPage\":{\"@id\":\"https:\\\/\\\/www.sbsmanager.net\\\/sv\\\/sbs-manager\\\/blog\\\/digitaliseringen-fortsatter-hos-skl\\\/\"},\"wordCount\":110,\"image\":{\"@id\":\"https:\\\/\\\/www.sbsmanager.net\\\/sv\\\/sbs-manager\\\/blog\\\/digitaliseringen-fortsatter-hos-skl\\\/#primaryimage\"},\"thumbnailUrl\":\"https:\\\/\\\/www.sbsmanager.net\\\/wp-content\\\/uploads\\\/2016\\\/09\\\/skl.jpg\",\"keywords\":[\"Digitalisering\",\"SBS Manager\"],\"articleSection\":[\"Blogg\"],\"inLanguage\":\"sv-SE\"},{\"@type\":\"WebPage\",\"@id\":\"https:\\\/\\\/www.sbsmanager.net\\\/sv\\\/sbs-manager\\\/blog\\\/digitaliseringen-fortsatter-hos-skl\\\/\",\"url\":\"https:\\\/\\\/www.sbsmanager.net\\\/sv\\\/sbs-manager\\\/blog\\\/digitaliseringen-fortsatter-hos-skl\\\/\",\"name\":\"Digitaliseringen forts\u00e4tter hos SKL &#8212; SBS Manager\u00ae\",\"isPartOf\":{\"@id\":\"https:\\\/\\\/www.sbsmanager.net\\\/sv\\\/#website\"},\"primaryImageOfPage\":{\"@id\":\"https:\\\/\\\/www.sbsmanager.net\\\/sv\\\/sbs-manager\\\/blog\\\/digitaliseringen-fortsatter-hos-skl\\\/#primaryimage\"},\"image\":{\"@id\":\"https:\\\/\\\/www.sbsmanager.net\\\/sv\\\/sbs-manager\\\/blog\\\/digitaliseringen-fortsatter-hos-skl\\\/#primaryimage\"},\"thumbnailUrl\":\"https:\\\/\\\/www.sbsmanager.net\\\/wp-content\\\/uploads\\\/2016\\\/09\\\/skl.jpg\",\"datePublished\":\"2016-03-22T09:17:09+00:00\",\"dateModified\":\"2017-08-14T14:10:00+00:00\",\"author\":{\"@id\":\"https:\\\/\\\/www.sbsmanager.net\\\/sv\\\/#\\\/schema\\\/person\\\/fbf45ee7832c8481b11c317a5ca38b59\"},\"description\":\"SKL har valt att digitalisera flera verksamhetsomr\u00e5den med SBS Manager\u2122. N\u00e4sta projekt heter \u00d6K 16 och SBS Manager\u2122 forts\u00e4tter som plattform \u00e4ven d\u00e4r.\",\"breadcrumb\":{\"@id\":\"https:\\\/\\\/www.sbsmanager.net\\\/sv\\\/sbs-manager\\\/blog\\\/digitaliseringen-fortsatter-hos-skl\\\/#breadcrumb\"},\"inLanguage\":\"sv-SE\",\"potentialAction\":[{\"@type\":\"ReadAction\",\"target\":[\"https:\\\/\\\/www.sbsmanager.net\\\/sv\\\/sbs-manager\\\/blog\\\/digitaliseringen-fortsatter-hos-skl\\\/\"]}]},{\"@type\":\"ImageObject\",\"inLanguage\":\"sv-SE\",\"@id\":\"https:\\\/\\\/www.sbsmanager.net\\\/sv\\\/sbs-manager\\\/blog\\\/digitaliseringen-fortsatter-hos-skl\\\/#primaryimage\",\"url\":\"https:\\\/\\\/www.sbsmanager.net\\\/wp-content\\\/uploads\\\/2016\\\/09\\\/skl.jpg\",\"contentUrl\":\"https:\\\/\\\/www.sbsmanager.net\\\/wp-content\\\/uploads\\\/2016\\\/09\\\/skl.jpg\",\"width\":2000,\"height\":588,\"caption\":\"Sveriges kommuner och Landsting\"},{\"@type\":\"BreadcrumbList\",\"@id\":\"https:\\\/\\\/www.sbsmanager.net\\\/sv\\\/sbs-manager\\\/blog\\\/digitaliseringen-fortsatter-hos-skl\\\/#breadcrumb\",\"itemListElement\":[{\"@type\":\"ListItem\",\"position\":1,\"name\":\"Hem\",\"item\":\"https:\\\/\\\/www.sbsmanager.net\\\/sv\\\/\"},{\"@type\":\"ListItem\",\"position\":2,\"name\":\"Digitaliseringen forts\u00e4tter hos SKL\"}]},{\"@type\":\"WebSite\",\"@id\":\"https:\\\/\\\/www.sbsmanager.net\\\/sv\\\/#website\",\"url\":\"https:\\\/\\\/www.sbsmanager.net\\\/sv\\\/\",\"name\":\"SBS Manager\u00ae\",\"description\":\"\u00c4rendehantering i v\u00e4rldsklass\",\"potentialAction\":[{\"@type\":\"SearchAction\",\"target\":{\"@type\":\"EntryPoint\",\"urlTemplate\":\"https:\\\/\\\/www.sbsmanager.net\\\/sv\\\/?s={search_term_string}\"},\"query-input\":{\"@type\":\"PropertyValueSpecification\",\"valueRequired\":true,\"valueName\":\"search_term_string\"}}],\"inLanguage\":\"sv-SE\"},{\"@type\":\"Person\",\"@id\":\"https:\\\/\\\/www.sbsmanager.net\\\/sv\\\/#\\\/schema\\\/person\\\/fbf45ee7832c8481b11c317a5ca38b59\",\"name\":\"Alexander T\u00f6rnqvist\",\"image\":{\"@type\":\"ImageObject\",\"inLanguage\":\"sv-SE\",\"@id\":\"https:\\\/\\\/secure.gravatar.com\\\/avatar\\\/49eb801065ea89d2ce341f0adee30b8112e9b1f30ec22a7932349ff6aabd4fa4?s=96&d=mm&r=g\",\"url\":\"https:\\\/\\\/secure.gravatar.com\\\/avatar\\\/49eb801065ea89d2ce341f0adee30b8112e9b1f30ec22a7932349ff6aabd4fa4?s=96&d=mm&r=g\",\"contentUrl\":\"https:\\\/\\\/secure.gravatar.com\\\/avatar\\\/49eb801065ea89d2ce341f0adee30b8112e9b1f30ec22a7932349ff6aabd4fa4?s=96&d=mm&r=g\",\"caption\":\"Alexander T\u00f6rnqvist\"},\"url\":\"https:\\\/\\\/www.sbsmanager.net\\\/sv\\\/sbs-manager\\\/blog\\\/author\\\/alexander\\\/\"}]}<\/script>\n<!-- \/ Yoast SEO Premium plugin. -->","yoast_head_json":{"title":"Digitaliseringen forts\u00e4tter hos SKL &#8212; SBS Manager\u00ae","description":"SKL har valt att digitalisera flera verksamhetsomr\u00e5den med SBS Manager\u2122. N\u00e4sta projekt heter \u00d6K 16 och SBS Manager\u2122 forts\u00e4tter som plattform \u00e4ven d\u00e4r.","robots":{"index":"index","follow":"follow","max-snippet":"max-snippet:-1","max-image-preview":"max-image-preview:large","max-video-preview":"max-video-preview:-1"},"canonical":"https:\/\/www.sbsmanager.net\/sv\/sbs-manager\/blog\/digitaliseringen-fortsatter-hos-skl\/","og_locale":"sv_SE","og_type":"article","og_title":"Digitaliseringen forts\u00e4tter hos SKL","og_description":"F\u00f6r fj\u00e4rde \u00e5ret i rad har vi gl\u00e4djen att f\u00e5 leverera SBS Manager\u2122 till SKL. Det \u00e4r Sveriges Kommuner och Landsting som tillsammans med Socialdepartementet","og_url":"https:\/\/www.sbsmanager.net\/sv\/sbs-manager\/blog\/digitaliseringen-fortsatter-hos-skl\/","og_site_name":"SBS Manager\u00ae","article_published_time":"2016-03-22T09:17:09+00:00","article_modified_time":"2017-08-14T14:10:00+00:00","og_image":[{"width":2000,"height":588,"url":"https:\/\/www.sbsmanager.net\/wp-content\/uploads\/2016\/09\/skl.jpg","type":"image\/jpeg"}],"author":"Alexander T\u00f6rnqvist","twitter_card":"summary_large_image","twitter_misc":{"Skriven av":"Alexander T\u00f6rnqvist","Ber\u00e4knad l\u00e4stid":"1 minut"},"schema":{"@context":"https:\/\/schema.org","@graph":[{"@type":"Article","@id":"https:\/\/www.sbsmanager.net\/sv\/sbs-manager\/blog\/digitaliseringen-fortsatter-hos-skl\/#article","isPartOf":{"@id":"https:\/\/www.sbsmanager.net\/sv\/sbs-manager\/blog\/digitaliseringen-fortsatter-hos-skl\/"},"author":{"name":"Alexander T\u00f6rnqvist","@id":"https:\/\/www.sbsmanager.net\/sv\/#\/schema\/person\/fbf45ee7832c8481b11c317a5ca38b59"},"headline":"Digitaliseringen forts\u00e4tter hos SKL","datePublished":"2016-03-22T09:17:09+00:00","dateModified":"2017-08-14T14:10:00+00:00","mainEntityOfPage":{"@id":"https:\/\/www.sbsmanager.net\/sv\/sbs-manager\/blog\/digitaliseringen-fortsatter-hos-skl\/"},"wordCount":110,"image":{"@id":"https:\/\/www.sbsmanager.net\/sv\/sbs-manager\/blog\/digitaliseringen-fortsatter-hos-skl\/#primaryimage"},"thumbnailUrl":"https:\/\/www.sbsmanager.net\/wp-content\/uploads\/2016\/09\/skl.jpg","keywords":["Digitalisering","SBS Manager"],"articleSection":["Blogg"],"inLanguage":"sv-SE"},{"@type":"WebPage","@id":"https:\/\/www.sbsmanager.net\/sv\/sbs-manager\/blog\/digitaliseringen-fortsatter-hos-skl\/","url":"https:\/\/www.sbsmanager.net\/sv\/sbs-manager\/blog\/digitaliseringen-fortsatter-hos-skl\/","name":"Digitaliseringen forts\u00e4tter hos SKL &#8212; SBS Manager\u00ae","isPartOf":{"@id":"https:\/\/www.sbsmanager.net\/sv\/#website"},"primaryImageOfPage":{"@id":"https:\/\/www.sbsmanager.net\/sv\/sbs-manager\/blog\/digitaliseringen-fortsatter-hos-skl\/#primaryimage"},"image":{"@id":"https:\/\/www.sbsmanager.net\/sv\/sbs-manager\/blog\/digitaliseringen-fortsatter-hos-skl\/#primaryimage"},"thumbnailUrl":"https:\/\/www.sbsmanager.net\/wp-content\/uploads\/2016\/09\/skl.jpg","datePublished":"2016-03-22T09:17:09+00:00","dateModified":"2017-08-14T14:10:00+00:00","author":{"@id":"https:\/\/www.sbsmanager.net\/sv\/#\/schema\/person\/fbf45ee7832c8481b11c317a5ca38b59"},"description":"SKL har valt att digitalisera flera verksamhetsomr\u00e5den med SBS Manager\u2122. N\u00e4sta projekt heter \u00d6K 16 och SBS Manager\u2122 forts\u00e4tter som plattform \u00e4ven d\u00e4r.","breadcrumb":{"@id":"https:\/\/www.sbsmanager.net\/sv\/sbs-manager\/blog\/digitaliseringen-fortsatter-hos-skl\/#breadcrumb"},"inLanguage":"sv-SE","potentialAction":[{"@type":"ReadAction","target":["https:\/\/www.sbsmanager.net\/sv\/sbs-manager\/blog\/digitaliseringen-fortsatter-hos-skl\/"]}]},{"@type":"ImageObject","inLanguage":"sv-SE","@id":"https:\/\/www.sbsmanager.net\/sv\/sbs-manager\/blog\/digitaliseringen-fortsatter-hos-skl\/#primaryimage","url":"https:\/\/www.sbsmanager.net\/wp-content\/uploads\/2016\/09\/skl.jpg","contentUrl":"https:\/\/www.sbsmanager.net\/wp-content\/uploads\/2016\/09\/skl.jpg","width":2000,"height":588,"caption":"Sveriges kommuner och Landsting"},{"@type":"BreadcrumbList","@id":"https:\/\/www.sbsmanager.net\/sv\/sbs-manager\/blog\/digitaliseringen-fortsatter-hos-skl\/#breadcrumb","itemListElement":[{"@type":"ListItem","position":1,"name":"Hem","item":"https:\/\/www.sbsmanager.net\/sv\/"},{"@type":"ListItem","position":2,"name":"Digitaliseringen forts\u00e4tter hos SKL"}]},{"@type":"WebSite","@id":"https:\/\/www.sbsmanager.net\/sv\/#website","url":"https:\/\/www.sbsmanager.net\/sv\/","name":"SBS Manager\u00ae","description":"\u00c4rendehantering i v\u00e4rldsklass","potentialAction":[{"@type":"SearchAction","target":{"@type":"EntryPoint","urlTemplate":"https:\/\/www.sbsmanager.net\/sv\/?s={search_term_string}"},"query-input":{"@type":"PropertyValueSpecification","valueRequired":true,"valueName":"search_term_string"}}],"inLanguage":"sv-SE"},{"@type":"Person","@id":"https:\/\/www.sbsmanager.net\/sv\/#\/schema\/person\/fbf45ee7832c8481b11c317a5ca38b59","name":"Alexander T\u00f6rnqvist","image":{"@type":"ImageObject","inLanguage":"sv-SE","@id":"https:\/\/secure.gravatar.com\/avatar\/49eb801065ea89d2ce341f0adee30b8112e9b1f30ec22a7932349ff6aabd4fa4?s=96&d=mm&r=g","url":"https:\/\/secure.gravatar.com\/avatar\/49eb801065ea89d2ce341f0adee30b8112e9b1f30ec22a7932349ff6aabd4fa4?s=96&d=mm&r=g","contentUrl":"https:\/\/secure.gravatar.com\/avatar\/49eb801065ea89d2ce341f0adee30b8112e9b1f30ec22a7932349ff6aabd4fa4?s=96&d=mm&r=g","caption":"Alexander T\u00f6rnqvist"},"url":"https:\/\/www.sbsmanager.net\/sv\/sbs-manager\/blog\/author\/alexander\/"}]}},"_links":{"self":[{"href":"https:\/\/www.sbsmanager.net\/sv\/wp-json\/wp\/v2\/posts\/365","targetHints":{"allow":["GET"]}}],"collection":[{"href":"https:\/\/www.sbsmanager.net\/sv\/wp-json\/wp\/v2\/posts"}],"about":[{"href":"https:\/\/www.sbsmanager.net\/sv\/wp-json\/wp\/v2\/types\/post"}],"author":[{"embeddable":true,"href":"https:\/\/www.sbsmanager.net\/sv\/wp-json\/wp\/v2\/users\/2"}],"replies":[{"embeddable":true,"href":"https:\/\/www.sbsmanager.net\/sv\/wp-json\/wp\/v2\/comments?post=365"}],"version-history":[{"count":3,"href":"https:\/\/www.sbsmanager.net\/sv\/wp-json\/wp\/v2\/posts\/365\/revisions"}],"predecessor-version":[{"id":1344,"href":"https:\/\/www.sbsmanager.net\/sv\/wp-json\/wp\/v2\/posts\/365\/revisions\/1344"}],"wp:featuredmedia":[{"embeddable":true,"href":"https:\/\/www.sbsmanager.net\/sv\/wp-json\/wp\/v2\/media\/155"}],"wp:attachment":[{"href":"https:\/\/www.sbsmanager.net\/sv\/wp-json\/wp\/v2\/media?parent=365"}],"wp:term":[{"taxonomy":"category","embeddable":true,"href":"https:\/\/www.sbsmanager.net\/sv\/wp-json\/wp\/v2\/categories?post=365"},{"taxonomy":"post_tag","embeddable":true,"href":"https:\/\/www.sbsmanager.net\/sv\/wp-json\/wp\/v2\/tags?post=365"}],"curies":[{"name":"wp","href":"https:\/\/api.w.org\/{rel}","templated":true}]}}