{"id":2455,"date":"2019-12-20T14:41:52","date_gmt":"2019-12-20T13:41:52","guid":{"rendered":"https:\/\/www.sbsmanager.net\/?p=2455"},"modified":"2020-04-06T13:49:50","modified_gmt":"2020-04-06T11:49:50","slug":"god-jul-och-tack-till-alla-kunder-for-2019","status":"publish","type":"post","link":"https:\/\/www.sbsmanager.net\/sv\/sbs-manager\/blog\/god-jul-och-tack-till-alla-kunder-for-2019\/","title":{"rendered":"God jul och tack till alla kunder f\u00f6r 2019"},"content":{"rendered":"<p>Vi har \u00e4ven i \u00e5r valt att ist\u00e4llet f\u00f6r att skicka en julg\u00e5va till v\u00e5ra kunder, sk\u00e4nka ett motsvarande bidrag till R\u00e4dda Barnen och deras arbete f\u00f6r alla barns sj\u00e4lvklara r\u00e4tt att \u00f6verleva, utvecklas och v\u00e4xa upp i trygghet.\u00a0<\/p>\n<p>Vi tackar er alla f\u00f6r 2019 och \u00f6nskar god jul och gott nytt \u00e5r!<\/p>\n","protected":false},"excerpt":{"rendered":"<p>Vi har \u00e4ven i \u00e5r valt att ist\u00e4llet f\u00f6r att skicka en julg\u00e5va till v\u00e5ra kunder, sk\u00e4nka ett motsvarande bidrag till R\u00e4dda Barnen och deras arbete f\u00f6r alla barns sj\u00e4lvklara r\u00e4tt att \u00f6verleva, utvecklas och v\u00e4xa upp i trygghet.\u00a0 Vi tackar er alla f\u00f6r 2019 och \u00f6nskar god jul och gott nytt \u00e5r!<\/p>\n","protected":false},"author":3,"featured_media":2456,"comment_status":"closed","ping_status":"closed","sticky":false,"template":"","format":"standard","meta":{"_acf_changed":false,"content-type":"","footnotes":""},"categories":[1],"tags":[141],"class_list":["post-2455","post","type-post","status-publish","format-standard","has-post-thumbnail","hentry","category-blog","tag-bolagsinformation"],"acf":[],"yoast_head":"<!-- This site is optimized with the Yoast SEO Premium plugin v25.3.1 (Yoast SEO v27.5) - https:\/\/yoast.com\/product\/yoast-seo-premium-wordpress\/ -->\n<title>God jul och tack till alla kunder f\u00f6r 2019 &#8212; SBS Manager\u00ae<\/title>\n<meta name=\"description\" content=\"\u00c5ret n\u00e4rmar sig sitt slut och julen st\u00e5r f\u00f6r d\u00f6rren. Vi vill \u00f6nska god jul och tacka alla kunder och samarbetspartners f\u00f6r ett gott \u00e5r.\" \/>\n<meta name=\"robots\" content=\"index, follow, max-snippet:-1, max-image-preview:large, max-video-preview:-1\" \/>\n<link rel=\"canonical\" href=\"https:\/\/www.sbsmanager.net\/sv\/sbs-manager\/blog\/god-jul-och-tack-till-alla-kunder-for-2019\/\" \/>\n<meta property=\"og:locale\" content=\"sv_SE\" \/>\n<meta property=\"og:type\" content=\"article\" \/>\n<meta property=\"og:title\" content=\"God jul och tack till alla kunder f\u00f6r 2019\" \/>\n<meta property=\"og:description\" content=\"Vi har \u00e4ven i \u00e5r valt att ist\u00e4llet f\u00f6r att skicka en julg\u00e5va till v\u00e5ra kunder, sk\u00e4nka ett motsvarande bidrag till R\u00e4dda Barnen och deras arbete f\u00f6r alla\" \/>\n<meta property=\"og:url\" content=\"https:\/\/www.sbsmanager.net\/sv\/sbs-manager\/blog\/god-jul-och-tack-till-alla-kunder-for-2019\/\" \/>\n<meta property=\"og:site_name\" content=\"SBS Manager\u00ae\" \/>\n<meta property=\"article:published_time\" content=\"2019-12-20T13:41:52+00:00\" \/>\n<meta property=\"article:modified_time\" content=\"2020-04-06T11:49:50+00:00\" \/>\n<meta property=\"og:image\" content=\"https:\/\/www.sbsmanager.net\/wp-content\/uploads\/2019\/12\/rb_e_julkort.jpg\" \/>\n\t<meta property=\"og:image:width\" content=\"1500\" \/>\n\t<meta property=\"og:image:height\" content=\"1539\" \/>\n\t<meta property=\"og:image:type\" content=\"image\/jpeg\" \/>\n<meta name=\"author\" content=\"Pia Salo T\u00f6rnqvist\" \/>\n<meta name=\"twitter:card\" content=\"summary_large_image\" \/>\n<meta name=\"twitter:label1\" content=\"Skriven av\" \/>\n\t<meta name=\"twitter:data1\" content=\"Pia Salo T\u00f6rnqvist\" \/>\n<script type=\"application\/ld+json\" class=\"yoast-schema-graph\">{\"@context\":\"https:\\\/\\\/schema.org\",\"@graph\":[{\"@type\":\"Article\",\"@id\":\"https:\\\/\\\/www.sbsmanager.net\\\/sv\\\/sbs-manager\\\/blog\\\/god-jul-och-tack-till-alla-kunder-for-2019\\\/#article\",\"isPartOf\":{\"@id\":\"https:\\\/\\\/www.sbsmanager.net\\\/sv\\\/sbs-manager\\\/blog\\\/god-jul-och-tack-till-alla-kunder-for-2019\\\/\"},\"author\":{\"name\":\"Pia Salo T\u00f6rnqvist\",\"@id\":\"https:\\\/\\\/www.sbsmanager.net\\\/sv\\\/#\\\/schema\\\/person\\\/890461c2e09d8eca3fda6eb00c16a88c\"},\"headline\":\"God jul och tack till alla kunder f\u00f6r 2019\",\"datePublished\":\"2019-12-20T13:41:52+00:00\",\"dateModified\":\"2020-04-06T11:49:50+00:00\",\"mainEntityOfPage\":{\"@id\":\"https:\\\/\\\/www.sbsmanager.net\\\/sv\\\/sbs-manager\\\/blog\\\/god-jul-och-tack-till-alla-kunder-for-2019\\\/\"},\"wordCount\":72,\"image\":{\"@id\":\"https:\\\/\\\/www.sbsmanager.net\\\/sv\\\/sbs-manager\\\/blog\\\/god-jul-och-tack-till-alla-kunder-for-2019\\\/#primaryimage\"},\"thumbnailUrl\":\"https:\\\/\\\/www.sbsmanager.net\\\/wp-content\\\/uploads\\\/2019\\\/12\\\/rb_e_julkort.jpg\",\"keywords\":[\"Bolagsinformation\"],\"articleSection\":[\"Blogg\"],\"inLanguage\":\"sv-SE\"},{\"@type\":\"WebPage\",\"@id\":\"https:\\\/\\\/www.sbsmanager.net\\\/sv\\\/sbs-manager\\\/blog\\\/god-jul-och-tack-till-alla-kunder-for-2019\\\/\",\"url\":\"https:\\\/\\\/www.sbsmanager.net\\\/sv\\\/sbs-manager\\\/blog\\\/god-jul-och-tack-till-alla-kunder-for-2019\\\/\",\"name\":\"God jul och tack till alla kunder f\u00f6r 2019 &#8212; SBS Manager\u00ae\",\"isPartOf\":{\"@id\":\"https:\\\/\\\/www.sbsmanager.net\\\/sv\\\/#website\"},\"primaryImageOfPage\":{\"@id\":\"https:\\\/\\\/www.sbsmanager.net\\\/sv\\\/sbs-manager\\\/blog\\\/god-jul-och-tack-till-alla-kunder-for-2019\\\/#primaryimage\"},\"image\":{\"@id\":\"https:\\\/\\\/www.sbsmanager.net\\\/sv\\\/sbs-manager\\\/blog\\\/god-jul-och-tack-till-alla-kunder-for-2019\\\/#primaryimage\"},\"thumbnailUrl\":\"https:\\\/\\\/www.sbsmanager.net\\\/wp-content\\\/uploads\\\/2019\\\/12\\\/rb_e_julkort.jpg\",\"datePublished\":\"2019-12-20T13:41:52+00:00\",\"dateModified\":\"2020-04-06T11:49:50+00:00\",\"author\":{\"@id\":\"https:\\\/\\\/www.sbsmanager.net\\\/sv\\\/#\\\/schema\\\/person\\\/890461c2e09d8eca3fda6eb00c16a88c\"},\"description\":\"\u00c5ret n\u00e4rmar sig sitt slut och julen st\u00e5r f\u00f6r d\u00f6rren. Vi vill \u00f6nska god jul och tacka alla kunder och samarbetspartners f\u00f6r ett gott \u00e5r.\",\"breadcrumb\":{\"@id\":\"https:\\\/\\\/www.sbsmanager.net\\\/sv\\\/sbs-manager\\\/blog\\\/god-jul-och-tack-till-alla-kunder-for-2019\\\/#breadcrumb\"},\"inLanguage\":\"sv-SE\",\"potentialAction\":[{\"@type\":\"ReadAction\",\"target\":[\"https:\\\/\\\/www.sbsmanager.net\\\/sv\\\/sbs-manager\\\/blog\\\/god-jul-och-tack-till-alla-kunder-for-2019\\\/\"]}]},{\"@type\":\"ImageObject\",\"inLanguage\":\"sv-SE\",\"@id\":\"https:\\\/\\\/www.sbsmanager.net\\\/sv\\\/sbs-manager\\\/blog\\\/god-jul-och-tack-till-alla-kunder-for-2019\\\/#primaryimage\",\"url\":\"https:\\\/\\\/www.sbsmanager.net\\\/wp-content\\\/uploads\\\/2019\\\/12\\\/rb_e_julkort.jpg\",\"contentUrl\":\"https:\\\/\\\/www.sbsmanager.net\\\/wp-content\\\/uploads\\\/2019\\\/12\\\/rb_e_julkort.jpg\",\"width\":1500,\"height\":1539,\"caption\":\"God jul och tack f\u00f6r 2019\"},{\"@type\":\"BreadcrumbList\",\"@id\":\"https:\\\/\\\/www.sbsmanager.net\\\/sv\\\/sbs-manager\\\/blog\\\/god-jul-och-tack-till-alla-kunder-for-2019\\\/#breadcrumb\",\"itemListElement\":[{\"@type\":\"ListItem\",\"position\":1,\"name\":\"Hem\",\"item\":\"https:\\\/\\\/www.sbsmanager.net\\\/sv\\\/\"},{\"@type\":\"ListItem\",\"position\":2,\"name\":\"God jul och tack till alla kunder f\u00f6r 2019\"}]},{\"@type\":\"WebSite\",\"@id\":\"https:\\\/\\\/www.sbsmanager.net\\\/sv\\\/#website\",\"url\":\"https:\\\/\\\/www.sbsmanager.net\\\/sv\\\/\",\"name\":\"SBS Manager\u00ae\",\"description\":\"\u00c4rendehantering i v\u00e4rldsklass\",\"potentialAction\":[{\"@type\":\"SearchAction\",\"target\":{\"@type\":\"EntryPoint\",\"urlTemplate\":\"https:\\\/\\\/www.sbsmanager.net\\\/sv\\\/?s={search_term_string}\"},\"query-input\":{\"@type\":\"PropertyValueSpecification\",\"valueRequired\":true,\"valueName\":\"search_term_string\"}}],\"inLanguage\":\"sv-SE\"},{\"@type\":\"Person\",\"@id\":\"https:\\\/\\\/www.sbsmanager.net\\\/sv\\\/#\\\/schema\\\/person\\\/890461c2e09d8eca3fda6eb00c16a88c\",\"name\":\"Pia Salo T\u00f6rnqvist\",\"image\":{\"@type\":\"ImageObject\",\"inLanguage\":\"sv-SE\",\"@id\":\"https:\\\/\\\/secure.gravatar.com\\\/avatar\\\/a4e55217cf3fc5af870cefa869ba051c3ef278cfe8482c49bad90bc3c5e651ee?s=96&d=mm&r=g\",\"url\":\"https:\\\/\\\/secure.gravatar.com\\\/avatar\\\/a4e55217cf3fc5af870cefa869ba051c3ef278cfe8482c49bad90bc3c5e651ee?s=96&d=mm&r=g\",\"contentUrl\":\"https:\\\/\\\/secure.gravatar.com\\\/avatar\\\/a4e55217cf3fc5af870cefa869ba051c3ef278cfe8482c49bad90bc3c5e651ee?s=96&d=mm&r=g\",\"caption\":\"Pia Salo T\u00f6rnqvist\"},\"url\":\"https:\\\/\\\/www.sbsmanager.net\\\/sv\\\/sbs-manager\\\/blog\\\/author\\\/pia\\\/\"}]}<\/script>\n<!-- \/ Yoast SEO Premium plugin. -->","yoast_head_json":{"title":"God jul och tack till alla kunder f\u00f6r 2019 &#8212; SBS Manager\u00ae","description":"\u00c5ret n\u00e4rmar sig sitt slut och julen st\u00e5r f\u00f6r d\u00f6rren. Vi vill \u00f6nska god jul och tacka alla kunder och samarbetspartners f\u00f6r ett gott \u00e5r.","robots":{"index":"index","follow":"follow","max-snippet":"max-snippet:-1","max-image-preview":"max-image-preview:large","max-video-preview":"max-video-preview:-1"},"canonical":"https:\/\/www.sbsmanager.net\/sv\/sbs-manager\/blog\/god-jul-och-tack-till-alla-kunder-for-2019\/","og_locale":"sv_SE","og_type":"article","og_title":"God jul och tack till alla kunder f\u00f6r 2019","og_description":"Vi har \u00e4ven i \u00e5r valt att ist\u00e4llet f\u00f6r att skicka en julg\u00e5va till v\u00e5ra kunder, sk\u00e4nka ett motsvarande bidrag till R\u00e4dda Barnen och deras arbete f\u00f6r alla","og_url":"https:\/\/www.sbsmanager.net\/sv\/sbs-manager\/blog\/god-jul-och-tack-till-alla-kunder-for-2019\/","og_site_name":"SBS Manager\u00ae","article_published_time":"2019-12-20T13:41:52+00:00","article_modified_time":"2020-04-06T11:49:50+00:00","og_image":[{"width":1500,"height":1539,"url":"https:\/\/www.sbsmanager.net\/wp-content\/uploads\/2019\/12\/rb_e_julkort.jpg","type":"image\/jpeg"}],"author":"Pia Salo T\u00f6rnqvist","twitter_card":"summary_large_image","twitter_misc":{"Skriven av":"Pia Salo T\u00f6rnqvist"},"schema":{"@context":"https:\/\/schema.org","@graph":[{"@type":"Article","@id":"https:\/\/www.sbsmanager.net\/sv\/sbs-manager\/blog\/god-jul-och-tack-till-alla-kunder-for-2019\/#article","isPartOf":{"@id":"https:\/\/www.sbsmanager.net\/sv\/sbs-manager\/blog\/god-jul-och-tack-till-alla-kunder-for-2019\/"},"author":{"name":"Pia Salo T\u00f6rnqvist","@id":"https:\/\/www.sbsmanager.net\/sv\/#\/schema\/person\/890461c2e09d8eca3fda6eb00c16a88c"},"headline":"God jul och tack till alla kunder f\u00f6r 2019","datePublished":"2019-12-20T13:41:52+00:00","dateModified":"2020-04-06T11:49:50+00:00","mainEntityOfPage":{"@id":"https:\/\/www.sbsmanager.net\/sv\/sbs-manager\/blog\/god-jul-och-tack-till-alla-kunder-for-2019\/"},"wordCount":72,"image":{"@id":"https:\/\/www.sbsmanager.net\/sv\/sbs-manager\/blog\/god-jul-och-tack-till-alla-kunder-for-2019\/#primaryimage"},"thumbnailUrl":"https:\/\/www.sbsmanager.net\/wp-content\/uploads\/2019\/12\/rb_e_julkort.jpg","keywords":["Bolagsinformation"],"articleSection":["Blogg"],"inLanguage":"sv-SE"},{"@type":"WebPage","@id":"https:\/\/www.sbsmanager.net\/sv\/sbs-manager\/blog\/god-jul-och-tack-till-alla-kunder-for-2019\/","url":"https:\/\/www.sbsmanager.net\/sv\/sbs-manager\/blog\/god-jul-och-tack-till-alla-kunder-for-2019\/","name":"God jul och tack till alla kunder f\u00f6r 2019 &#8212; SBS Manager\u00ae","isPartOf":{"@id":"https:\/\/www.sbsmanager.net\/sv\/#website"},"primaryImageOfPage":{"@id":"https:\/\/www.sbsmanager.net\/sv\/sbs-manager\/blog\/god-jul-och-tack-till-alla-kunder-for-2019\/#primaryimage"},"image":{"@id":"https:\/\/www.sbsmanager.net\/sv\/sbs-manager\/blog\/god-jul-och-tack-till-alla-kunder-for-2019\/#primaryimage"},"thumbnailUrl":"https:\/\/www.sbsmanager.net\/wp-content\/uploads\/2019\/12\/rb_e_julkort.jpg","datePublished":"2019-12-20T13:41:52+00:00","dateModified":"2020-04-06T11:49:50+00:00","author":{"@id":"https:\/\/www.sbsmanager.net\/sv\/#\/schema\/person\/890461c2e09d8eca3fda6eb00c16a88c"},"description":"\u00c5ret n\u00e4rmar sig sitt slut och julen st\u00e5r f\u00f6r d\u00f6rren. Vi vill \u00f6nska god jul och tacka alla kunder och samarbetspartners f\u00f6r ett gott \u00e5r.","breadcrumb":{"@id":"https:\/\/www.sbsmanager.net\/sv\/sbs-manager\/blog\/god-jul-och-tack-till-alla-kunder-for-2019\/#breadcrumb"},"inLanguage":"sv-SE","potentialAction":[{"@type":"ReadAction","target":["https:\/\/www.sbsmanager.net\/sv\/sbs-manager\/blog\/god-jul-och-tack-till-alla-kunder-for-2019\/"]}]},{"@type":"ImageObject","inLanguage":"sv-SE","@id":"https:\/\/www.sbsmanager.net\/sv\/sbs-manager\/blog\/god-jul-och-tack-till-alla-kunder-for-2019\/#primaryimage","url":"https:\/\/www.sbsmanager.net\/wp-content\/uploads\/2019\/12\/rb_e_julkort.jpg","contentUrl":"https:\/\/www.sbsmanager.net\/wp-content\/uploads\/2019\/12\/rb_e_julkort.jpg","width":1500,"height":1539,"caption":"God jul och tack f\u00f6r 2019"},{"@type":"BreadcrumbList","@id":"https:\/\/www.sbsmanager.net\/sv\/sbs-manager\/blog\/god-jul-och-tack-till-alla-kunder-for-2019\/#breadcrumb","itemListElement":[{"@type":"ListItem","position":1,"name":"Hem","item":"https:\/\/www.sbsmanager.net\/sv\/"},{"@type":"ListItem","position":2,"name":"God jul och tack till alla kunder f\u00f6r 2019"}]},{"@type":"WebSite","@id":"https:\/\/www.sbsmanager.net\/sv\/#website","url":"https:\/\/www.sbsmanager.net\/sv\/","name":"SBS Manager\u00ae","description":"\u00c4rendehantering i v\u00e4rldsklass","potentialAction":[{"@type":"SearchAction","target":{"@type":"EntryPoint","urlTemplate":"https:\/\/www.sbsmanager.net\/sv\/?s={search_term_string}"},"query-input":{"@type":"PropertyValueSpecification","valueRequired":true,"valueName":"search_term_string"}}],"inLanguage":"sv-SE"},{"@type":"Person","@id":"https:\/\/www.sbsmanager.net\/sv\/#\/schema\/person\/890461c2e09d8eca3fda6eb00c16a88c","name":"Pia Salo T\u00f6rnqvist","image":{"@type":"ImageObject","inLanguage":"sv-SE","@id":"https:\/\/secure.gravatar.com\/avatar\/a4e55217cf3fc5af870cefa869ba051c3ef278cfe8482c49bad90bc3c5e651ee?s=96&d=mm&r=g","url":"https:\/\/secure.gravatar.com\/avatar\/a4e55217cf3fc5af870cefa869ba051c3ef278cfe8482c49bad90bc3c5e651ee?s=96&d=mm&r=g","contentUrl":"https:\/\/secure.gravatar.com\/avatar\/a4e55217cf3fc5af870cefa869ba051c3ef278cfe8482c49bad90bc3c5e651ee?s=96&d=mm&r=g","caption":"Pia Salo T\u00f6rnqvist"},"url":"https:\/\/www.sbsmanager.net\/sv\/sbs-manager\/blog\/author\/pia\/"}]}},"_links":{"self":[{"href":"https:\/\/www.sbsmanager.net\/sv\/wp-json\/wp\/v2\/posts\/2455","targetHints":{"allow":["GET"]}}],"collection":[{"href":"https:\/\/www.sbsmanager.net\/sv\/wp-json\/wp\/v2\/posts"}],"about":[{"href":"https:\/\/www.sbsmanager.net\/sv\/wp-json\/wp\/v2\/types\/post"}],"author":[{"embeddable":true,"href":"https:\/\/www.sbsmanager.net\/sv\/wp-json\/wp\/v2\/users\/3"}],"replies":[{"embeddable":true,"href":"https:\/\/www.sbsmanager.net\/sv\/wp-json\/wp\/v2\/comments?post=2455"}],"version-history":[{"count":2,"href":"https:\/\/www.sbsmanager.net\/sv\/wp-json\/wp\/v2\/posts\/2455\/revisions"}],"predecessor-version":[{"id":2459,"href":"https:\/\/www.sbsmanager.net\/sv\/wp-json\/wp\/v2\/posts\/2455\/revisions\/2459"}],"wp:featuredmedia":[{"embeddable":true,"href":"https:\/\/www.sbsmanager.net\/sv\/wp-json\/wp\/v2\/media\/2456"}],"wp:attachment":[{"href":"https:\/\/www.sbsmanager.net\/sv\/wp-json\/wp\/v2\/media?parent=2455"}],"wp:term":[{"taxonomy":"category","embeddable":true,"href":"https:\/\/www.sbsmanager.net\/sv\/wp-json\/wp\/v2\/categories?post=2455"},{"taxonomy":"post_tag","embeddable":true,"href":"https:\/\/www.sbsmanager.net\/sv\/wp-json\/wp\/v2\/tags?post=2455"}],"curies":[{"name":"wp","href":"https:\/\/api.w.org\/{rel}","templated":true}]}}