{"id":2421,"date":"2019-11-21T11:29:40","date_gmt":"2019-11-21T10:29:40","guid":{"rendered":"https:\/\/www.sbsmanager.net\/?p=2421"},"modified":"2019-11-21T11:29:40","modified_gmt":"2019-11-21T10:29:40","slug":"sverige-i-topp-gallande-digital-delaktighet","status":"publish","type":"post","link":"https:\/\/www.sbsmanager.net\/sv\/sbs-manager\/blog\/sverige-i-topp-gallande-digital-delaktighet\/","title":{"rendered":"Sverige i topp g\u00e4llande digital delaktighet"},"content":{"rendered":"<p>Sveriges regering har satt ett h\u00f6gt \u00f6vergripande m\u00e5l i digitaliseringspolitiken; Sverige ska bli b\u00e4st i v\u00e4rlden p\u00e5 att anv\u00e4nda digitaliseringens m\u00f6jligheter. I globala j\u00e4mf\u00f6relser betraktas redan Sverige som ett av v\u00e4rldens ledande l\u00e4nder n\u00e4r det g\u00e4ller digitalisering. Enligt OECD \u00e4r Sverige exempelvis ledande i anv\u00e4ndningen av digital teknik och har mindre digitala klyftor \u00e4n de flesta andra l\u00e4nder. Det framkommer i <a href=\"https:\/\/read.oecd-ilibrary.org\/science-and-technology\/oecd-reviews-of-digital-transformation-going-digital-in-sweden_9789264302259-en#page1\">OECDs utv\u00e4rdering av hur myndighetssverige hanterar digital teknik f\u00f6r att effektivisera och utveckla sin verksamhet<\/a>, best\u00e4lld av finansdepartementet.<\/p>\n<h3>88 procent delaktiga<\/h3>\n<p>Majoriteten av befolkningen k\u00e4nner sig delaktiga i det digitala samh\u00e4llet. Hela 88 procent svarar att de k\u00e4nner digital delaktighet varav 27 procent svarar helt och fullt, 41 procent till stor del vilket sammantaget ger 69 procent, och 20 procent att de endast k\u00e4nner sig lite delaktiga. De som inte alls k\u00e4nner n\u00e5gon digital delaktighet alls utg\u00f6r 9 procent. Detta ligger i linje med f\u00f6reg\u00e5ende \u00e5r. Det finns ocks\u00e5 3 procent som svarar att de inte vet om de k\u00e4nner sig delaktiga eller ej, vilket kan tyda p\u00e5 att det finns en otydlighet i begreppet \u201ddet digitala samh\u00e4llet\u201d.<\/p>\n<h3>Teknik och tillg\u00e4nglighet\u00a0<\/h3>\n<p>En slutsats som ligger n\u00e4ra till hands \u00e4r att denna positiva utveckling \u00e4r ett resultat av att befolkningen dels har god tillg\u00e5ng till tekniken men ocks\u00e5 att tekniken anpassats och gjorts anv\u00e4ndarv\u00e4nlig nog f\u00f6r att komma den stora merparten tillgodo. Det st\u00e4lls numera <a href=\"https:\/\/www.sbsmanager.net\/sv\/sbs-manager\/blog\/digg-ny-myndighet-och-ny-lag-for-digital-tillganglighet\/\">krav p\u00e5 e-tj\u00e4nsters tillg\u00e4nglighet<\/a> och myndigheterna jobbar h\u00e5rt f\u00f6r att f\u00f6rflytta sina verksamheter till den digitala arenan. Att ha en smart telefon \u00e4r idag detsamma som att ha tillg\u00e5ng till den digitala v\u00e4rlden. Sj\u00e4lvklart ska m\u00e5let vara att samtliga ska k\u00e4nna digital delaktighet, men att l\u00e5ta bli att digitalisera av r\u00e4dsla f\u00f6r att tappa en analog m\u00e5lgrupp kan nog konstateras vara en obefogad farh\u00e5ga idag.\u00a0 \u00a0<\/p>\n<p><em>K\u00e4lla: Svenskarna och Internet 2019<\/em><\/p>\n","protected":false},"excerpt":{"rendered":"<p>Sveriges regering har satt ett h\u00f6gt \u00f6vergripande m\u00e5l i digitaliseringspolitiken; Sverige ska bli b\u00e4st i v\u00e4rlden p\u00e5 att anv\u00e4nda digitaliseringens m\u00f6jligheter. I globala j\u00e4mf\u00f6relser betraktas redan Sverige som ett av v\u00e4rldens ledande l\u00e4nder n\u00e4r det g\u00e4ller digitalisering. Enligt OECD \u00e4r Sverige exempelvis ledande i anv\u00e4ndningen av digital teknik och har mindre digitala klyftor \u00e4n de [&hellip;]<\/p>\n","protected":false},"author":3,"featured_media":2422,"comment_status":"closed","ping_status":"closed","sticky":false,"template":"","format":"standard","meta":{"_acf_changed":false,"content-type":"","footnotes":""},"categories":[1],"tags":[10,37],"class_list":["post-2421","post","type-post","status-publish","format-standard","has-post-thumbnail","hentry","category-blog","tag-digitalisering","tag-e-tjanster"],"acf":[],"yoast_head":"<!-- This site is optimized with the Yoast SEO Premium plugin v25.3.1 (Yoast SEO v27.5) - https:\/\/yoast.com\/product\/yoast-seo-premium-wordpress\/ -->\n<title>Sverige i topp g\u00e4llande digital delaktighet &#8212; SBS Manager\u00ae<\/title>\n<meta name=\"description\" content=\"Sverige ligger i topp n\u00e4r det kommer till digital delaktighet. Att inte digitalisera av r\u00e4dsla f\u00f6r att tappa en analog m\u00e5lgrupp \u00e4r en obefogad farh\u00e5ga idag.\" \/>\n<meta name=\"robots\" content=\"index, follow, max-snippet:-1, max-image-preview:large, max-video-preview:-1\" \/>\n<link rel=\"canonical\" href=\"https:\/\/www.sbsmanager.net\/sv\/sbs-manager\/blog\/sverige-i-topp-gallande-digital-delaktighet\/\" \/>\n<meta property=\"og:locale\" content=\"sv_SE\" \/>\n<meta property=\"og:type\" content=\"article\" \/>\n<meta property=\"og:title\" content=\"Sverige i topp g\u00e4llande digital delaktighet\" \/>\n<meta property=\"og:description\" content=\"Sveriges regering har satt ett h\u00f6gt \u00f6vergripande m\u00e5l i digitaliseringspolitiken; Sverige ska bli b\u00e4st i v\u00e4rlden p\u00e5 att anv\u00e4nda digitaliseringens\" \/>\n<meta property=\"og:url\" content=\"https:\/\/www.sbsmanager.net\/sv\/sbs-manager\/blog\/sverige-i-topp-gallande-digital-delaktighet\/\" \/>\n<meta property=\"og:site_name\" content=\"SBS Manager\u00ae\" \/>\n<meta property=\"article:published_time\" content=\"2019-11-21T10:29:40+00:00\" \/>\n<meta property=\"og:image\" content=\"https:\/\/www.sbsmanager.net\/wp-content\/uploads\/2019\/11\/offentlig-main.jpg\" \/>\n\t<meta property=\"og:image:width\" content=\"2000\" \/>\n\t<meta property=\"og:image:height\" content=\"1333\" \/>\n\t<meta property=\"og:image:type\" content=\"image\/jpeg\" \/>\n<meta name=\"author\" content=\"Pia Salo T\u00f6rnqvist\" \/>\n<meta name=\"twitter:card\" content=\"summary_large_image\" \/>\n<meta name=\"twitter:label1\" content=\"Skriven av\" \/>\n\t<meta name=\"twitter:data1\" content=\"Pia Salo T\u00f6rnqvist\" \/>\n\t<meta name=\"twitter:label2\" content=\"Ber\u00e4knad l\u00e4stid\" \/>\n\t<meta name=\"twitter:data2\" content=\"2 minuter\" \/>\n<script type=\"application\/ld+json\" class=\"yoast-schema-graph\">{\"@context\":\"https:\\\/\\\/schema.org\",\"@graph\":[{\"@type\":\"Article\",\"@id\":\"https:\\\/\\\/www.sbsmanager.net\\\/sv\\\/sbs-manager\\\/blog\\\/sverige-i-topp-gallande-digital-delaktighet\\\/#article\",\"isPartOf\":{\"@id\":\"https:\\\/\\\/www.sbsmanager.net\\\/sv\\\/sbs-manager\\\/blog\\\/sverige-i-topp-gallande-digital-delaktighet\\\/\"},\"author\":{\"name\":\"Pia Salo T\u00f6rnqvist\",\"@id\":\"https:\\\/\\\/www.sbsmanager.net\\\/sv\\\/#\\\/schema\\\/person\\\/890461c2e09d8eca3fda6eb00c16a88c\"},\"headline\":\"Sverige i topp g\u00e4llande digital delaktighet\",\"datePublished\":\"2019-11-21T10:29:40+00:00\",\"mainEntityOfPage\":{\"@id\":\"https:\\\/\\\/www.sbsmanager.net\\\/sv\\\/sbs-manager\\\/blog\\\/sverige-i-topp-gallande-digital-delaktighet\\\/\"},\"wordCount\":344,\"image\":{\"@id\":\"https:\\\/\\\/www.sbsmanager.net\\\/sv\\\/sbs-manager\\\/blog\\\/sverige-i-topp-gallande-digital-delaktighet\\\/#primaryimage\"},\"thumbnailUrl\":\"https:\\\/\\\/www.sbsmanager.net\\\/wp-content\\\/uploads\\\/2019\\\/11\\\/offentlig-main.jpg\",\"keywords\":[\"Digitalisering\",\"E-tj\u00e4nster\"],\"articleSection\":[\"Blogg\"],\"inLanguage\":\"sv-SE\"},{\"@type\":\"WebPage\",\"@id\":\"https:\\\/\\\/www.sbsmanager.net\\\/sv\\\/sbs-manager\\\/blog\\\/sverige-i-topp-gallande-digital-delaktighet\\\/\",\"url\":\"https:\\\/\\\/www.sbsmanager.net\\\/sv\\\/sbs-manager\\\/blog\\\/sverige-i-topp-gallande-digital-delaktighet\\\/\",\"name\":\"Sverige i topp g\u00e4llande digital delaktighet &#8212; SBS Manager\u00ae\",\"isPartOf\":{\"@id\":\"https:\\\/\\\/www.sbsmanager.net\\\/sv\\\/#website\"},\"primaryImageOfPage\":{\"@id\":\"https:\\\/\\\/www.sbsmanager.net\\\/sv\\\/sbs-manager\\\/blog\\\/sverige-i-topp-gallande-digital-delaktighet\\\/#primaryimage\"},\"image\":{\"@id\":\"https:\\\/\\\/www.sbsmanager.net\\\/sv\\\/sbs-manager\\\/blog\\\/sverige-i-topp-gallande-digital-delaktighet\\\/#primaryimage\"},\"thumbnailUrl\":\"https:\\\/\\\/www.sbsmanager.net\\\/wp-content\\\/uploads\\\/2019\\\/11\\\/offentlig-main.jpg\",\"datePublished\":\"2019-11-21T10:29:40+00:00\",\"author\":{\"@id\":\"https:\\\/\\\/www.sbsmanager.net\\\/sv\\\/#\\\/schema\\\/person\\\/890461c2e09d8eca3fda6eb00c16a88c\"},\"description\":\"Sverige ligger i topp n\u00e4r det kommer till digital delaktighet. Att inte digitalisera av r\u00e4dsla f\u00f6r att tappa en analog m\u00e5lgrupp \u00e4r en obefogad farh\u00e5ga idag.\",\"breadcrumb\":{\"@id\":\"https:\\\/\\\/www.sbsmanager.net\\\/sv\\\/sbs-manager\\\/blog\\\/sverige-i-topp-gallande-digital-delaktighet\\\/#breadcrumb\"},\"inLanguage\":\"sv-SE\",\"potentialAction\":[{\"@type\":\"ReadAction\",\"target\":[\"https:\\\/\\\/www.sbsmanager.net\\\/sv\\\/sbs-manager\\\/blog\\\/sverige-i-topp-gallande-digital-delaktighet\\\/\"]}]},{\"@type\":\"ImageObject\",\"inLanguage\":\"sv-SE\",\"@id\":\"https:\\\/\\\/www.sbsmanager.net\\\/sv\\\/sbs-manager\\\/blog\\\/sverige-i-topp-gallande-digital-delaktighet\\\/#primaryimage\",\"url\":\"https:\\\/\\\/www.sbsmanager.net\\\/wp-content\\\/uploads\\\/2019\\\/11\\\/offentlig-main.jpg\",\"contentUrl\":\"https:\\\/\\\/www.sbsmanager.net\\\/wp-content\\\/uploads\\\/2019\\\/11\\\/offentlig-main.jpg\",\"width\":2000,\"height\":1333,\"caption\":\"H\u00f6g digital delaktighet i Sverige\"},{\"@type\":\"BreadcrumbList\",\"@id\":\"https:\\\/\\\/www.sbsmanager.net\\\/sv\\\/sbs-manager\\\/blog\\\/sverige-i-topp-gallande-digital-delaktighet\\\/#breadcrumb\",\"itemListElement\":[{\"@type\":\"ListItem\",\"position\":1,\"name\":\"Hem\",\"item\":\"https:\\\/\\\/www.sbsmanager.net\\\/sv\\\/\"},{\"@type\":\"ListItem\",\"position\":2,\"name\":\"Sverige i topp g\u00e4llande digital delaktighet\"}]},{\"@type\":\"WebSite\",\"@id\":\"https:\\\/\\\/www.sbsmanager.net\\\/sv\\\/#website\",\"url\":\"https:\\\/\\\/www.sbsmanager.net\\\/sv\\\/\",\"name\":\"SBS Manager\u00ae\",\"description\":\"\u00c4rendehantering i v\u00e4rldsklass\",\"potentialAction\":[{\"@type\":\"SearchAction\",\"target\":{\"@type\":\"EntryPoint\",\"urlTemplate\":\"https:\\\/\\\/www.sbsmanager.net\\\/sv\\\/?s={search_term_string}\"},\"query-input\":{\"@type\":\"PropertyValueSpecification\",\"valueRequired\":true,\"valueName\":\"search_term_string\"}}],\"inLanguage\":\"sv-SE\"},{\"@type\":\"Person\",\"@id\":\"https:\\\/\\\/www.sbsmanager.net\\\/sv\\\/#\\\/schema\\\/person\\\/890461c2e09d8eca3fda6eb00c16a88c\",\"name\":\"Pia Salo T\u00f6rnqvist\",\"image\":{\"@type\":\"ImageObject\",\"inLanguage\":\"sv-SE\",\"@id\":\"https:\\\/\\\/secure.gravatar.com\\\/avatar\\\/a4e55217cf3fc5af870cefa869ba051c3ef278cfe8482c49bad90bc3c5e651ee?s=96&d=mm&r=g\",\"url\":\"https:\\\/\\\/secure.gravatar.com\\\/avatar\\\/a4e55217cf3fc5af870cefa869ba051c3ef278cfe8482c49bad90bc3c5e651ee?s=96&d=mm&r=g\",\"contentUrl\":\"https:\\\/\\\/secure.gravatar.com\\\/avatar\\\/a4e55217cf3fc5af870cefa869ba051c3ef278cfe8482c49bad90bc3c5e651ee?s=96&d=mm&r=g\",\"caption\":\"Pia Salo T\u00f6rnqvist\"},\"url\":\"https:\\\/\\\/www.sbsmanager.net\\\/sv\\\/sbs-manager\\\/blog\\\/author\\\/pia\\\/\"}]}<\/script>\n<!-- \/ Yoast SEO Premium plugin. -->","yoast_head_json":{"title":"Sverige i topp g\u00e4llande digital delaktighet &#8212; SBS Manager\u00ae","description":"Sverige ligger i topp n\u00e4r det kommer till digital delaktighet. Att inte digitalisera av r\u00e4dsla f\u00f6r att tappa en analog m\u00e5lgrupp \u00e4r en obefogad farh\u00e5ga idag.","robots":{"index":"index","follow":"follow","max-snippet":"max-snippet:-1","max-image-preview":"max-image-preview:large","max-video-preview":"max-video-preview:-1"},"canonical":"https:\/\/www.sbsmanager.net\/sv\/sbs-manager\/blog\/sverige-i-topp-gallande-digital-delaktighet\/","og_locale":"sv_SE","og_type":"article","og_title":"Sverige i topp g\u00e4llande digital delaktighet","og_description":"Sveriges regering har satt ett h\u00f6gt \u00f6vergripande m\u00e5l i digitaliseringspolitiken; Sverige ska bli b\u00e4st i v\u00e4rlden p\u00e5 att anv\u00e4nda digitaliseringens","og_url":"https:\/\/www.sbsmanager.net\/sv\/sbs-manager\/blog\/sverige-i-topp-gallande-digital-delaktighet\/","og_site_name":"SBS Manager\u00ae","article_published_time":"2019-11-21T10:29:40+00:00","og_image":[{"width":2000,"height":1333,"url":"https:\/\/www.sbsmanager.net\/wp-content\/uploads\/2019\/11\/offentlig-main.jpg","type":"image\/jpeg"}],"author":"Pia Salo T\u00f6rnqvist","twitter_card":"summary_large_image","twitter_misc":{"Skriven av":"Pia Salo T\u00f6rnqvist","Ber\u00e4knad l\u00e4stid":"2 minuter"},"schema":{"@context":"https:\/\/schema.org","@graph":[{"@type":"Article","@id":"https:\/\/www.sbsmanager.net\/sv\/sbs-manager\/blog\/sverige-i-topp-gallande-digital-delaktighet\/#article","isPartOf":{"@id":"https:\/\/www.sbsmanager.net\/sv\/sbs-manager\/blog\/sverige-i-topp-gallande-digital-delaktighet\/"},"author":{"name":"Pia Salo T\u00f6rnqvist","@id":"https:\/\/www.sbsmanager.net\/sv\/#\/schema\/person\/890461c2e09d8eca3fda6eb00c16a88c"},"headline":"Sverige i topp g\u00e4llande digital delaktighet","datePublished":"2019-11-21T10:29:40+00:00","mainEntityOfPage":{"@id":"https:\/\/www.sbsmanager.net\/sv\/sbs-manager\/blog\/sverige-i-topp-gallande-digital-delaktighet\/"},"wordCount":344,"image":{"@id":"https:\/\/www.sbsmanager.net\/sv\/sbs-manager\/blog\/sverige-i-topp-gallande-digital-delaktighet\/#primaryimage"},"thumbnailUrl":"https:\/\/www.sbsmanager.net\/wp-content\/uploads\/2019\/11\/offentlig-main.jpg","keywords":["Digitalisering","E-tj\u00e4nster"],"articleSection":["Blogg"],"inLanguage":"sv-SE"},{"@type":"WebPage","@id":"https:\/\/www.sbsmanager.net\/sv\/sbs-manager\/blog\/sverige-i-topp-gallande-digital-delaktighet\/","url":"https:\/\/www.sbsmanager.net\/sv\/sbs-manager\/blog\/sverige-i-topp-gallande-digital-delaktighet\/","name":"Sverige i topp g\u00e4llande digital delaktighet &#8212; SBS Manager\u00ae","isPartOf":{"@id":"https:\/\/www.sbsmanager.net\/sv\/#website"},"primaryImageOfPage":{"@id":"https:\/\/www.sbsmanager.net\/sv\/sbs-manager\/blog\/sverige-i-topp-gallande-digital-delaktighet\/#primaryimage"},"image":{"@id":"https:\/\/www.sbsmanager.net\/sv\/sbs-manager\/blog\/sverige-i-topp-gallande-digital-delaktighet\/#primaryimage"},"thumbnailUrl":"https:\/\/www.sbsmanager.net\/wp-content\/uploads\/2019\/11\/offentlig-main.jpg","datePublished":"2019-11-21T10:29:40+00:00","author":{"@id":"https:\/\/www.sbsmanager.net\/sv\/#\/schema\/person\/890461c2e09d8eca3fda6eb00c16a88c"},"description":"Sverige ligger i topp n\u00e4r det kommer till digital delaktighet. Att inte digitalisera av r\u00e4dsla f\u00f6r att tappa en analog m\u00e5lgrupp \u00e4r en obefogad farh\u00e5ga idag.","breadcrumb":{"@id":"https:\/\/www.sbsmanager.net\/sv\/sbs-manager\/blog\/sverige-i-topp-gallande-digital-delaktighet\/#breadcrumb"},"inLanguage":"sv-SE","potentialAction":[{"@type":"ReadAction","target":["https:\/\/www.sbsmanager.net\/sv\/sbs-manager\/blog\/sverige-i-topp-gallande-digital-delaktighet\/"]}]},{"@type":"ImageObject","inLanguage":"sv-SE","@id":"https:\/\/www.sbsmanager.net\/sv\/sbs-manager\/blog\/sverige-i-topp-gallande-digital-delaktighet\/#primaryimage","url":"https:\/\/www.sbsmanager.net\/wp-content\/uploads\/2019\/11\/offentlig-main.jpg","contentUrl":"https:\/\/www.sbsmanager.net\/wp-content\/uploads\/2019\/11\/offentlig-main.jpg","width":2000,"height":1333,"caption":"H\u00f6g digital delaktighet i Sverige"},{"@type":"BreadcrumbList","@id":"https:\/\/www.sbsmanager.net\/sv\/sbs-manager\/blog\/sverige-i-topp-gallande-digital-delaktighet\/#breadcrumb","itemListElement":[{"@type":"ListItem","position":1,"name":"Hem","item":"https:\/\/www.sbsmanager.net\/sv\/"},{"@type":"ListItem","position":2,"name":"Sverige i topp g\u00e4llande digital delaktighet"}]},{"@type":"WebSite","@id":"https:\/\/www.sbsmanager.net\/sv\/#website","url":"https:\/\/www.sbsmanager.net\/sv\/","name":"SBS Manager\u00ae","description":"\u00c4rendehantering i v\u00e4rldsklass","potentialAction":[{"@type":"SearchAction","target":{"@type":"EntryPoint","urlTemplate":"https:\/\/www.sbsmanager.net\/sv\/?s={search_term_string}"},"query-input":{"@type":"PropertyValueSpecification","valueRequired":true,"valueName":"search_term_string"}}],"inLanguage":"sv-SE"},{"@type":"Person","@id":"https:\/\/www.sbsmanager.net\/sv\/#\/schema\/person\/890461c2e09d8eca3fda6eb00c16a88c","name":"Pia Salo T\u00f6rnqvist","image":{"@type":"ImageObject","inLanguage":"sv-SE","@id":"https:\/\/secure.gravatar.com\/avatar\/a4e55217cf3fc5af870cefa869ba051c3ef278cfe8482c49bad90bc3c5e651ee?s=96&d=mm&r=g","url":"https:\/\/secure.gravatar.com\/avatar\/a4e55217cf3fc5af870cefa869ba051c3ef278cfe8482c49bad90bc3c5e651ee?s=96&d=mm&r=g","contentUrl":"https:\/\/secure.gravatar.com\/avatar\/a4e55217cf3fc5af870cefa869ba051c3ef278cfe8482c49bad90bc3c5e651ee?s=96&d=mm&r=g","caption":"Pia Salo T\u00f6rnqvist"},"url":"https:\/\/www.sbsmanager.net\/sv\/sbs-manager\/blog\/author\/pia\/"}]}},"_links":{"self":[{"href":"https:\/\/www.sbsmanager.net\/sv\/wp-json\/wp\/v2\/posts\/2421","targetHints":{"allow":["GET"]}}],"collection":[{"href":"https:\/\/www.sbsmanager.net\/sv\/wp-json\/wp\/v2\/posts"}],"about":[{"href":"https:\/\/www.sbsmanager.net\/sv\/wp-json\/wp\/v2\/types\/post"}],"author":[{"embeddable":true,"href":"https:\/\/www.sbsmanager.net\/sv\/wp-json\/wp\/v2\/users\/3"}],"replies":[{"embeddable":true,"href":"https:\/\/www.sbsmanager.net\/sv\/wp-json\/wp\/v2\/comments?post=2421"}],"version-history":[{"count":2,"href":"https:\/\/www.sbsmanager.net\/sv\/wp-json\/wp\/v2\/posts\/2421\/revisions"}],"predecessor-version":[{"id":2425,"href":"https:\/\/www.sbsmanager.net\/sv\/wp-json\/wp\/v2\/posts\/2421\/revisions\/2425"}],"wp:featuredmedia":[{"embeddable":true,"href":"https:\/\/www.sbsmanager.net\/sv\/wp-json\/wp\/v2\/media\/2422"}],"wp:attachment":[{"href":"https:\/\/www.sbsmanager.net\/sv\/wp-json\/wp\/v2\/media?parent=2421"}],"wp:term":[{"taxonomy":"category","embeddable":true,"href":"https:\/\/www.sbsmanager.net\/sv\/wp-json\/wp\/v2\/categories?post=2421"},{"taxonomy":"post_tag","embeddable":true,"href":"https:\/\/www.sbsmanager.net\/sv\/wp-json\/wp\/v2\/tags?post=2421"}],"curies":[{"name":"wp","href":"https:\/\/api.w.org\/{rel}","templated":true}]}}