{"id":1672,"date":"2018-02-02T08:42:23","date_gmt":"2018-02-02T07:42:23","guid":{"rendered":"https:\/\/www.sbsmanager.net\/?p=1672"},"modified":"2018-02-08T08:55:28","modified_gmt":"2018-02-08T07:55:28","slug":"dubbelrekryteringen-klar-nytt-saljteam-pa-plats","status":"publish","type":"post","link":"https:\/\/www.sbsmanager.net\/sv\/sbs-manager\/blog\/dubbelrekryteringen-klar-nytt-saljteam-pa-plats\/","title":{"rendered":"Dubbelrekryteringen klar \u2013 nytt s\u00e4ljteam p\u00e5 plats"},"content":{"rendered":"<p>Vi avslutade 2017 med att ut\u00f6ka v\u00e5r styrka med tv\u00e5 nya medarbetare. <a href=\"https:\/\/www.sbsmanager.net\/sv\/sbs-manager\/kontakta-oss\/\">Viktor Svensson \u00e4r v\u00e5r nya Account manager<\/a> som b\u00f6rjade hos oss i oktober. Han har tidigare arbetat som s\u00e4ljare f\u00f6r bland annat Telenor och har studier i digital kommunikation med sig.<\/p>\n<p>V\u00e5r nya <a href=\"https:\/\/www.sbsmanager.net\/sv\/sbs-manager\/kontakta-oss\/\">Sales Manager heter Jonas Karlberg<\/a> finns p\u00e5 plats hos oss sedan b\u00f6rjan av december. Han kommer senast fr\u00e5n Mercuri Urval d\u00e4r han arbetade med f\u00f6rs\u00e4ljning och <a href=\"https:\/\/www.sbsmanager.net\/sv\/utbildning-och-support\/business-support\/\">verksamhetsutveckling<\/a> gentemot s\u00e5v\u00e4l privat n\u00e4ringsliv och <a href=\"https:\/\/www.sbsmanager.net\/sv\/branscher-och-uppdrag\/e-tjanster-offentliga-verksamheter\/\">offentliga verksamheter<\/a>. Jonas \u00e4r utbildad ekonom har som gemensam n\u00e4mnare i sina tidigare positioner jobbat f\u00f6r att <a href=\"https:\/\/www.sbsmanager.net\/sv\/utbildning-och-support\/business-support\/\">effektivisera processer och verksamheter<\/a>.<\/p>\n<p>Tillsammans kommer v\u00e5rt nya team att ha ansvar f\u00f6r v\u00e5ra aff\u00e4rer och vara den f\u00f6rsta kontaktytan f\u00f6r dig som kund n\u00e4r det g\u00e4ller b\u00e5de nya och befintliga l\u00f6sningar som ska utformas eller utvecklas.<\/p>\n<p>Ut\u00f6ver sina grymma kunskaper inom <a href=\"https:\/\/www.sbsmanager.net\/sv\/sbs-manager\/\">digitalisering<\/a> och <a href=\"https:\/\/www.sbsmanager.net\/sv\/utbildning-och-support\/business-support\/\">organisationsutveckling<\/a> har de dessutom ett brinnande sportintresse gemensamt \u2013 b\u00e5de som ut\u00f6vare och publik. Ett hett tips \u00e4r att kolla in kalendern f\u00f6r \u00d6SK:s hemmamatcher och boka in ditt m\u00f6te med Jonas eller Viktor efter det. De avslutar mer \u00e4n g\u00e4rna dagens m\u00f6te p\u00e5 Behrn arena med dig som kund eller samarbetspartner.<\/p>\n<p>Vi h\u00e4lsar dem varmt v\u00e4lkomna till SBS Manager!<\/p>\n","protected":false},"excerpt":{"rendered":"<p>Vi avslutade 2017 med att ut\u00f6ka v\u00e5r styrka med tv\u00e5 nya medarbetare. Viktor Svensson \u00e4r v\u00e5r nya Account manager som b\u00f6rjade hos oss i oktober. Han har tidigare arbetat som s\u00e4ljare f\u00f6r bland annat Telenor och har studier i digital kommunikation med sig. V\u00e5r nya Sales Manager heter Jonas Karlberg finns p\u00e5 plats hos oss [&hellip;]<\/p>\n","protected":false},"author":2,"featured_media":1680,"comment_status":"closed","ping_status":"closed","sticky":false,"template":"","format":"standard","meta":{"_acf_changed":false,"content-type":"","footnotes":""},"categories":[1],"tags":[73,68],"class_list":["post-1672","post","type-post","status-publish","format-standard","has-post-thumbnail","hentry","category-blog","tag-organisation","tag-tillvaxt"],"acf":[],"yoast_head":"<!-- This site is optimized with the Yoast SEO Premium plugin v25.3.1 (Yoast SEO v27.5) - https:\/\/yoast.com\/product\/yoast-seo-premium-wordpress\/ -->\n<title>Dubbelrekryteringen klar \u2013 nytt s\u00e4ljteam p\u00e5 plats &#8212; SBS Manager\u00ae<\/title>\n<meta name=\"description\" content=\"Sedan ett par m\u00e5nader tillbaka har vi ett nytt s\u00e4ljteam p\u00e5 plats hos oss. Victor Svensson och Jonas Karlberg utg\u00f6r den nya duon p\u00e5 kontoret som kommer att hj\u00e4lpa b\u00e5de nya och befintliga kunder fram i den digitala v\u00e4rlden.\" \/>\n<meta name=\"robots\" content=\"index, follow, max-snippet:-1, max-image-preview:large, max-video-preview:-1\" \/>\n<link rel=\"canonical\" href=\"https:\/\/www.sbsmanager.net\/sv\/sbs-manager\/blog\/dubbelrekryteringen-klar-nytt-saljteam-pa-plats\/\" \/>\n<meta property=\"og:locale\" content=\"sv_SE\" \/>\n<meta property=\"og:type\" content=\"article\" \/>\n<meta property=\"og:title\" content=\"Dubbelrekryteringen klar \u2013 nytt s\u00e4ljteam p\u00e5 plats\" \/>\n<meta property=\"og:description\" content=\"Vi avslutade 2017 med att ut\u00f6ka v\u00e5r styrka med tv\u00e5 nya medarbetare. Viktor Svensson \u00e4r v\u00e5r nya Account manager som b\u00f6rjade hos oss i oktober. Han har\" \/>\n<meta property=\"og:url\" content=\"https:\/\/www.sbsmanager.net\/sv\/sbs-manager\/blog\/dubbelrekryteringen-klar-nytt-saljteam-pa-plats\/\" \/>\n<meta property=\"og:site_name\" content=\"SBS Manager\u00ae\" \/>\n<meta property=\"article:published_time\" content=\"2018-02-02T07:42:23+00:00\" \/>\n<meta property=\"article:modified_time\" content=\"2018-02-08T07:55:28+00:00\" \/>\n<meta property=\"og:image\" content=\"https:\/\/www.sbsmanager.net\/wp-content\/uploads\/2018\/02\/viktor-svensson-och-jonas-karlberg.jpg\" \/>\n\t<meta property=\"og:image:width\" content=\"1500\" \/>\n\t<meta property=\"og:image:height\" content=\"993\" \/>\n\t<meta property=\"og:image:type\" content=\"image\/jpeg\" \/>\n<meta name=\"author\" content=\"Alexander T\u00f6rnqvist\" \/>\n<meta name=\"twitter:card\" content=\"summary_large_image\" \/>\n<meta name=\"twitter:label1\" content=\"Skriven av\" \/>\n\t<meta name=\"twitter:data1\" content=\"Alexander T\u00f6rnqvist\" \/>\n\t<meta name=\"twitter:label2\" content=\"Ber\u00e4knad l\u00e4stid\" \/>\n\t<meta name=\"twitter:data2\" content=\"1 minut\" \/>\n<script type=\"application\/ld+json\" class=\"yoast-schema-graph\">{\"@context\":\"https:\\\/\\\/schema.org\",\"@graph\":[{\"@type\":\"Article\",\"@id\":\"https:\\\/\\\/www.sbsmanager.net\\\/sv\\\/sbs-manager\\\/blog\\\/dubbelrekryteringen-klar-nytt-saljteam-pa-plats\\\/#article\",\"isPartOf\":{\"@id\":\"https:\\\/\\\/www.sbsmanager.net\\\/sv\\\/sbs-manager\\\/blog\\\/dubbelrekryteringen-klar-nytt-saljteam-pa-plats\\\/\"},\"author\":{\"name\":\"Alexander T\u00f6rnqvist\",\"@id\":\"https:\\\/\\\/www.sbsmanager.net\\\/sv\\\/#\\\/schema\\\/person\\\/fbf45ee7832c8481b11c317a5ca38b59\"},\"headline\":\"Dubbelrekryteringen klar \u2013 nytt s\u00e4ljteam p\u00e5 plats\",\"datePublished\":\"2018-02-02T07:42:23+00:00\",\"dateModified\":\"2018-02-08T07:55:28+00:00\",\"mainEntityOfPage\":{\"@id\":\"https:\\\/\\\/www.sbsmanager.net\\\/sv\\\/sbs-manager\\\/blog\\\/dubbelrekryteringen-klar-nytt-saljteam-pa-plats\\\/\"},\"wordCount\":240,\"image\":{\"@id\":\"https:\\\/\\\/www.sbsmanager.net\\\/sv\\\/sbs-manager\\\/blog\\\/dubbelrekryteringen-klar-nytt-saljteam-pa-plats\\\/#primaryimage\"},\"thumbnailUrl\":\"https:\\\/\\\/www.sbsmanager.net\\\/wp-content\\\/uploads\\\/2018\\\/02\\\/viktor-svensson-och-jonas-karlberg.jpg\",\"keywords\":[\"Organisation\",\"Tillv\u00e4xt\"],\"articleSection\":[\"Blogg\"],\"inLanguage\":\"sv-SE\"},{\"@type\":\"WebPage\",\"@id\":\"https:\\\/\\\/www.sbsmanager.net\\\/sv\\\/sbs-manager\\\/blog\\\/dubbelrekryteringen-klar-nytt-saljteam-pa-plats\\\/\",\"url\":\"https:\\\/\\\/www.sbsmanager.net\\\/sv\\\/sbs-manager\\\/blog\\\/dubbelrekryteringen-klar-nytt-saljteam-pa-plats\\\/\",\"name\":\"Dubbelrekryteringen klar \u2013 nytt s\u00e4ljteam p\u00e5 plats &#8212; SBS Manager\u00ae\",\"isPartOf\":{\"@id\":\"https:\\\/\\\/www.sbsmanager.net\\\/sv\\\/#website\"},\"primaryImageOfPage\":{\"@id\":\"https:\\\/\\\/www.sbsmanager.net\\\/sv\\\/sbs-manager\\\/blog\\\/dubbelrekryteringen-klar-nytt-saljteam-pa-plats\\\/#primaryimage\"},\"image\":{\"@id\":\"https:\\\/\\\/www.sbsmanager.net\\\/sv\\\/sbs-manager\\\/blog\\\/dubbelrekryteringen-klar-nytt-saljteam-pa-plats\\\/#primaryimage\"},\"thumbnailUrl\":\"https:\\\/\\\/www.sbsmanager.net\\\/wp-content\\\/uploads\\\/2018\\\/02\\\/viktor-svensson-och-jonas-karlberg.jpg\",\"datePublished\":\"2018-02-02T07:42:23+00:00\",\"dateModified\":\"2018-02-08T07:55:28+00:00\",\"author\":{\"@id\":\"https:\\\/\\\/www.sbsmanager.net\\\/sv\\\/#\\\/schema\\\/person\\\/fbf45ee7832c8481b11c317a5ca38b59\"},\"description\":\"Sedan ett par m\u00e5nader tillbaka har vi ett nytt s\u00e4ljteam p\u00e5 plats hos oss. Victor Svensson och Jonas Karlberg utg\u00f6r den nya duon p\u00e5 kontoret som kommer att hj\u00e4lpa b\u00e5de nya och befintliga kunder fram i den digitala v\u00e4rlden.\",\"breadcrumb\":{\"@id\":\"https:\\\/\\\/www.sbsmanager.net\\\/sv\\\/sbs-manager\\\/blog\\\/dubbelrekryteringen-klar-nytt-saljteam-pa-plats\\\/#breadcrumb\"},\"inLanguage\":\"sv-SE\",\"potentialAction\":[{\"@type\":\"ReadAction\",\"target\":[\"https:\\\/\\\/www.sbsmanager.net\\\/sv\\\/sbs-manager\\\/blog\\\/dubbelrekryteringen-klar-nytt-saljteam-pa-plats\\\/\"]}]},{\"@type\":\"ImageObject\",\"inLanguage\":\"sv-SE\",\"@id\":\"https:\\\/\\\/www.sbsmanager.net\\\/sv\\\/sbs-manager\\\/blog\\\/dubbelrekryteringen-klar-nytt-saljteam-pa-plats\\\/#primaryimage\",\"url\":\"https:\\\/\\\/www.sbsmanager.net\\\/wp-content\\\/uploads\\\/2018\\\/02\\\/viktor-svensson-och-jonas-karlberg.jpg\",\"contentUrl\":\"https:\\\/\\\/www.sbsmanager.net\\\/wp-content\\\/uploads\\\/2018\\\/02\\\/viktor-svensson-och-jonas-karlberg.jpg\",\"width\":1500,\"height\":993,\"caption\":\"Viktor Svensson och Jonas Karlberg\"},{\"@type\":\"BreadcrumbList\",\"@id\":\"https:\\\/\\\/www.sbsmanager.net\\\/sv\\\/sbs-manager\\\/blog\\\/dubbelrekryteringen-klar-nytt-saljteam-pa-plats\\\/#breadcrumb\",\"itemListElement\":[{\"@type\":\"ListItem\",\"position\":1,\"name\":\"Hem\",\"item\":\"https:\\\/\\\/www.sbsmanager.net\\\/sv\\\/\"},{\"@type\":\"ListItem\",\"position\":2,\"name\":\"Dubbelrekryteringen klar \u2013 nytt s\u00e4ljteam p\u00e5 plats\"}]},{\"@type\":\"WebSite\",\"@id\":\"https:\\\/\\\/www.sbsmanager.net\\\/sv\\\/#website\",\"url\":\"https:\\\/\\\/www.sbsmanager.net\\\/sv\\\/\",\"name\":\"SBS Manager\u00ae\",\"description\":\"\u00c4rendehantering i v\u00e4rldsklass\",\"potentialAction\":[{\"@type\":\"SearchAction\",\"target\":{\"@type\":\"EntryPoint\",\"urlTemplate\":\"https:\\\/\\\/www.sbsmanager.net\\\/sv\\\/?s={search_term_string}\"},\"query-input\":{\"@type\":\"PropertyValueSpecification\",\"valueRequired\":true,\"valueName\":\"search_term_string\"}}],\"inLanguage\":\"sv-SE\"},{\"@type\":\"Person\",\"@id\":\"https:\\\/\\\/www.sbsmanager.net\\\/sv\\\/#\\\/schema\\\/person\\\/fbf45ee7832c8481b11c317a5ca38b59\",\"name\":\"Alexander T\u00f6rnqvist\",\"image\":{\"@type\":\"ImageObject\",\"inLanguage\":\"sv-SE\",\"@id\":\"https:\\\/\\\/secure.gravatar.com\\\/avatar\\\/49eb801065ea89d2ce341f0adee30b8112e9b1f30ec22a7932349ff6aabd4fa4?s=96&d=mm&r=g\",\"url\":\"https:\\\/\\\/secure.gravatar.com\\\/avatar\\\/49eb801065ea89d2ce341f0adee30b8112e9b1f30ec22a7932349ff6aabd4fa4?s=96&d=mm&r=g\",\"contentUrl\":\"https:\\\/\\\/secure.gravatar.com\\\/avatar\\\/49eb801065ea89d2ce341f0adee30b8112e9b1f30ec22a7932349ff6aabd4fa4?s=96&d=mm&r=g\",\"caption\":\"Alexander T\u00f6rnqvist\"},\"url\":\"https:\\\/\\\/www.sbsmanager.net\\\/sv\\\/sbs-manager\\\/blog\\\/author\\\/alexander\\\/\"}]}<\/script>\n<!-- \/ Yoast SEO Premium plugin. -->","yoast_head_json":{"title":"Dubbelrekryteringen klar \u2013 nytt s\u00e4ljteam p\u00e5 plats &#8212; SBS Manager\u00ae","description":"Sedan ett par m\u00e5nader tillbaka har vi ett nytt s\u00e4ljteam p\u00e5 plats hos oss. Victor Svensson och Jonas Karlberg utg\u00f6r den nya duon p\u00e5 kontoret som kommer att hj\u00e4lpa b\u00e5de nya och befintliga kunder fram i den digitala v\u00e4rlden.","robots":{"index":"index","follow":"follow","max-snippet":"max-snippet:-1","max-image-preview":"max-image-preview:large","max-video-preview":"max-video-preview:-1"},"canonical":"https:\/\/www.sbsmanager.net\/sv\/sbs-manager\/blog\/dubbelrekryteringen-klar-nytt-saljteam-pa-plats\/","og_locale":"sv_SE","og_type":"article","og_title":"Dubbelrekryteringen klar \u2013 nytt s\u00e4ljteam p\u00e5 plats","og_description":"Vi avslutade 2017 med att ut\u00f6ka v\u00e5r styrka med tv\u00e5 nya medarbetare. Viktor Svensson \u00e4r v\u00e5r nya Account manager som b\u00f6rjade hos oss i oktober. Han har","og_url":"https:\/\/www.sbsmanager.net\/sv\/sbs-manager\/blog\/dubbelrekryteringen-klar-nytt-saljteam-pa-plats\/","og_site_name":"SBS Manager\u00ae","article_published_time":"2018-02-02T07:42:23+00:00","article_modified_time":"2018-02-08T07:55:28+00:00","og_image":[{"width":1500,"height":993,"url":"https:\/\/www.sbsmanager.net\/wp-content\/uploads\/2018\/02\/viktor-svensson-och-jonas-karlberg.jpg","type":"image\/jpeg"}],"author":"Alexander T\u00f6rnqvist","twitter_card":"summary_large_image","twitter_misc":{"Skriven av":"Alexander T\u00f6rnqvist","Ber\u00e4knad l\u00e4stid":"1 minut"},"schema":{"@context":"https:\/\/schema.org","@graph":[{"@type":"Article","@id":"https:\/\/www.sbsmanager.net\/sv\/sbs-manager\/blog\/dubbelrekryteringen-klar-nytt-saljteam-pa-plats\/#article","isPartOf":{"@id":"https:\/\/www.sbsmanager.net\/sv\/sbs-manager\/blog\/dubbelrekryteringen-klar-nytt-saljteam-pa-plats\/"},"author":{"name":"Alexander T\u00f6rnqvist","@id":"https:\/\/www.sbsmanager.net\/sv\/#\/schema\/person\/fbf45ee7832c8481b11c317a5ca38b59"},"headline":"Dubbelrekryteringen klar \u2013 nytt s\u00e4ljteam p\u00e5 plats","datePublished":"2018-02-02T07:42:23+00:00","dateModified":"2018-02-08T07:55:28+00:00","mainEntityOfPage":{"@id":"https:\/\/www.sbsmanager.net\/sv\/sbs-manager\/blog\/dubbelrekryteringen-klar-nytt-saljteam-pa-plats\/"},"wordCount":240,"image":{"@id":"https:\/\/www.sbsmanager.net\/sv\/sbs-manager\/blog\/dubbelrekryteringen-klar-nytt-saljteam-pa-plats\/#primaryimage"},"thumbnailUrl":"https:\/\/www.sbsmanager.net\/wp-content\/uploads\/2018\/02\/viktor-svensson-och-jonas-karlberg.jpg","keywords":["Organisation","Tillv\u00e4xt"],"articleSection":["Blogg"],"inLanguage":"sv-SE"},{"@type":"WebPage","@id":"https:\/\/www.sbsmanager.net\/sv\/sbs-manager\/blog\/dubbelrekryteringen-klar-nytt-saljteam-pa-plats\/","url":"https:\/\/www.sbsmanager.net\/sv\/sbs-manager\/blog\/dubbelrekryteringen-klar-nytt-saljteam-pa-plats\/","name":"Dubbelrekryteringen klar \u2013 nytt s\u00e4ljteam p\u00e5 plats &#8212; SBS Manager\u00ae","isPartOf":{"@id":"https:\/\/www.sbsmanager.net\/sv\/#website"},"primaryImageOfPage":{"@id":"https:\/\/www.sbsmanager.net\/sv\/sbs-manager\/blog\/dubbelrekryteringen-klar-nytt-saljteam-pa-plats\/#primaryimage"},"image":{"@id":"https:\/\/www.sbsmanager.net\/sv\/sbs-manager\/blog\/dubbelrekryteringen-klar-nytt-saljteam-pa-plats\/#primaryimage"},"thumbnailUrl":"https:\/\/www.sbsmanager.net\/wp-content\/uploads\/2018\/02\/viktor-svensson-och-jonas-karlberg.jpg","datePublished":"2018-02-02T07:42:23+00:00","dateModified":"2018-02-08T07:55:28+00:00","author":{"@id":"https:\/\/www.sbsmanager.net\/sv\/#\/schema\/person\/fbf45ee7832c8481b11c317a5ca38b59"},"description":"Sedan ett par m\u00e5nader tillbaka har vi ett nytt s\u00e4ljteam p\u00e5 plats hos oss. Victor Svensson och Jonas Karlberg utg\u00f6r den nya duon p\u00e5 kontoret som kommer att hj\u00e4lpa b\u00e5de nya och befintliga kunder fram i den digitala v\u00e4rlden.","breadcrumb":{"@id":"https:\/\/www.sbsmanager.net\/sv\/sbs-manager\/blog\/dubbelrekryteringen-klar-nytt-saljteam-pa-plats\/#breadcrumb"},"inLanguage":"sv-SE","potentialAction":[{"@type":"ReadAction","target":["https:\/\/www.sbsmanager.net\/sv\/sbs-manager\/blog\/dubbelrekryteringen-klar-nytt-saljteam-pa-plats\/"]}]},{"@type":"ImageObject","inLanguage":"sv-SE","@id":"https:\/\/www.sbsmanager.net\/sv\/sbs-manager\/blog\/dubbelrekryteringen-klar-nytt-saljteam-pa-plats\/#primaryimage","url":"https:\/\/www.sbsmanager.net\/wp-content\/uploads\/2018\/02\/viktor-svensson-och-jonas-karlberg.jpg","contentUrl":"https:\/\/www.sbsmanager.net\/wp-content\/uploads\/2018\/02\/viktor-svensson-och-jonas-karlberg.jpg","width":1500,"height":993,"caption":"Viktor Svensson och Jonas Karlberg"},{"@type":"BreadcrumbList","@id":"https:\/\/www.sbsmanager.net\/sv\/sbs-manager\/blog\/dubbelrekryteringen-klar-nytt-saljteam-pa-plats\/#breadcrumb","itemListElement":[{"@type":"ListItem","position":1,"name":"Hem","item":"https:\/\/www.sbsmanager.net\/sv\/"},{"@type":"ListItem","position":2,"name":"Dubbelrekryteringen klar \u2013 nytt s\u00e4ljteam p\u00e5 plats"}]},{"@type":"WebSite","@id":"https:\/\/www.sbsmanager.net\/sv\/#website","url":"https:\/\/www.sbsmanager.net\/sv\/","name":"SBS Manager\u00ae","description":"\u00c4rendehantering i v\u00e4rldsklass","potentialAction":[{"@type":"SearchAction","target":{"@type":"EntryPoint","urlTemplate":"https:\/\/www.sbsmanager.net\/sv\/?s={search_term_string}"},"query-input":{"@type":"PropertyValueSpecification","valueRequired":true,"valueName":"search_term_string"}}],"inLanguage":"sv-SE"},{"@type":"Person","@id":"https:\/\/www.sbsmanager.net\/sv\/#\/schema\/person\/fbf45ee7832c8481b11c317a5ca38b59","name":"Alexander T\u00f6rnqvist","image":{"@type":"ImageObject","inLanguage":"sv-SE","@id":"https:\/\/secure.gravatar.com\/avatar\/49eb801065ea89d2ce341f0adee30b8112e9b1f30ec22a7932349ff6aabd4fa4?s=96&d=mm&r=g","url":"https:\/\/secure.gravatar.com\/avatar\/49eb801065ea89d2ce341f0adee30b8112e9b1f30ec22a7932349ff6aabd4fa4?s=96&d=mm&r=g","contentUrl":"https:\/\/secure.gravatar.com\/avatar\/49eb801065ea89d2ce341f0adee30b8112e9b1f30ec22a7932349ff6aabd4fa4?s=96&d=mm&r=g","caption":"Alexander T\u00f6rnqvist"},"url":"https:\/\/www.sbsmanager.net\/sv\/sbs-manager\/blog\/author\/alexander\/"}]}},"_links":{"self":[{"href":"https:\/\/www.sbsmanager.net\/sv\/wp-json\/wp\/v2\/posts\/1672","targetHints":{"allow":["GET"]}}],"collection":[{"href":"https:\/\/www.sbsmanager.net\/sv\/wp-json\/wp\/v2\/posts"}],"about":[{"href":"https:\/\/www.sbsmanager.net\/sv\/wp-json\/wp\/v2\/types\/post"}],"author":[{"embeddable":true,"href":"https:\/\/www.sbsmanager.net\/sv\/wp-json\/wp\/v2\/users\/2"}],"replies":[{"embeddable":true,"href":"https:\/\/www.sbsmanager.net\/sv\/wp-json\/wp\/v2\/comments?post=1672"}],"version-history":[{"count":5,"href":"https:\/\/www.sbsmanager.net\/sv\/wp-json\/wp\/v2\/posts\/1672\/revisions"}],"predecessor-version":[{"id":1695,"href":"https:\/\/www.sbsmanager.net\/sv\/wp-json\/wp\/v2\/posts\/1672\/revisions\/1695"}],"wp:featuredmedia":[{"embeddable":true,"href":"https:\/\/www.sbsmanager.net\/sv\/wp-json\/wp\/v2\/media\/1680"}],"wp:attachment":[{"href":"https:\/\/www.sbsmanager.net\/sv\/wp-json\/wp\/v2\/media?parent=1672"}],"wp:term":[{"taxonomy":"category","embeddable":true,"href":"https:\/\/www.sbsmanager.net\/sv\/wp-json\/wp\/v2\/categories?post=1672"},{"taxonomy":"post_tag","embeddable":true,"href":"https:\/\/www.sbsmanager.net\/sv\/wp-json\/wp\/v2\/tags?post=1672"}],"curies":[{"name":"wp","href":"https:\/\/api.w.org\/{rel}","templated":true}]}}